{"id":740,"date":"2022-02-05T14:16:00","date_gmt":"2022-02-05T14:16:00","guid":{"rendered":"https:\/\/secretariadomigracioneslaspalmas.org\/?p=740"},"modified":"2022-02-07T14:30:32","modified_gmt":"2022-02-07T14:30:32","slug":"una-llaga-en-el-cuerpo-de-la-humanidad-trata-y-trafico-de-personas-en-las-palabras-del-papa-francisco","status":"publish","type":"post","link":"https:\/\/secretariadomigracioneslaspalmas.org\/index.php\/2022\/02\/05\/una-llaga-en-el-cuerpo-de-la-humanidad-trata-y-trafico-de-personas-en-las-palabras-del-papa-francisco\/","title":{"rendered":"\u201cUna llaga en el cuerpo de la humanidad\u201d Trata y tr\u00e1fico de personas en las palabras del Papa Francisco"},"content":{"rendered":"\n<p>Agentes de pastoral, catequistas, sacerdotes\u2026 y cuantos necesiten una palabra esclarecedora, podr\u00e1n encontrar en estas p\u00e1ginas un recurso espec\u00edfico para enriquecer y desarrollar tem\u00e1ticas de concientizaci\u00f3n, charlas, talleres, espacios radiales y televisivos, marchas, congresos, campa\u00f1as y mensajes que favorezcan un acercamiento que involucre a todos aquellos que desean hacer algo por las v\u00edctimas de la trata y tr\u00e1fico de personas y para que cada habitante de nuestro suelo tenga una vida digna y plena.<br>Comisi\u00f3n Episcopal Migrantes e Itinerantes. Conferencia Episcopal Argentina.<\/p>\n\n\n\n<div data-wp-interactive=\"core\/file\" class=\"wp-block-file\"><object data-wp-bind--hidden=\"!state.hasPdfPreview\" hidden class=\"wp-block-file__embed\" data=\"https:\/\/secretariadomigracioneslaspalmas.org\/wp-content\/uploads\/2022\/02\/Trata-y-trafico-en-la-palabra-del-Papa-Francisco-interior-1.pdf\" type=\"application\/pdf\" style=\"width:100%;height:600px\" aria-label=\"Incrustado de Incrustado de Trata-y-trafico-en-la-palabra-del-Papa-Francisco-interior-1..\"><\/object><a id=\"wp-block-file--media-56735f09-6b42-4606-a41d-a62f037f3a1e\" href=\"https:\/\/secretariadomigracioneslaspalmas.org\/wp-content\/uploads\/2022\/02\/Trata-y-trafico-en-la-palabra-del-Papa-Francisco-interior-1.pdf\">Trata-y-trafico-en-la-palabra-del-Papa-Francisco-interior-1<\/a><a href=\"https:\/\/secretariadomigracioneslaspalmas.org\/wp-content\/uploads\/2022\/02\/Trata-y-trafico-en-la-palabra-del-Papa-Francisco-interior-1.pdf\" class=\"wp-block-file__button\" download aria-describedby=\"wp-block-file--media-56735f09-6b42-4606-a41d-a62f037f3a1e\">Descarga<\/a><\/div>\n","protected":false},"excerpt":{"rendered":"<p>Agentes de pastoral, catequistas, sacerdotes\u2026 y cuantos necesiten una palabra esclarecedora, podr\u00e1n encontrar en estas p\u00e1ginas un recurso espec\u00edfico para&hellip; <\/p>\n","protected":false},"author":2,"featured_media":0,"comment_status":"closed","ping_status":"open","sticky":false,"template":"","format":"standard","meta":{"footnotes":""},"categories":[1,11],"tags":[],"class_list":["post-740","post","type-post","status-publish","format-standard","hentry","category-categorias","category-categoria-4"],"_links":{"self":[{"href":"https:\/\/secretariadomigracioneslaspalmas.org\/index.php\/wp-json\/wp\/v2\/posts\/740","targetHints":{"allow":["GET"]}}],"collection":[{"href":"https:\/\/secretariadomigracioneslaspalmas.org\/index.php\/wp-json\/wp\/v2\/posts"}],"about":[{"href":"https:\/\/secretariadomigracioneslaspalmas.org\/index.php\/wp-json\/wp\/v2\/types\/post"}],"author":[{"embeddable":true,"href":"https:\/\/secretariadomigracioneslaspalmas.org\/index.php\/wp-json\/wp\/v2\/users\/2"}],"replies":[{"embeddable":true,"href":"https:\/\/secretariadomigracioneslaspalmas.org\/index.php\/wp-json\/wp\/v2\/comments?post=740"}],"version-history":[{"count":3,"href":"https:\/\/secretariadomigracioneslaspalmas.org\/index.php\/wp-json\/wp\/v2\/posts\/740\/revisions"}],"predecessor-version":[{"id":747,"href":"https:\/\/secretariadomigracioneslaspalmas.org\/index.php\/wp-json\/wp\/v2\/posts\/740\/revisions\/747"}],"wp:attachment":[{"href":"https:\/\/secretariadomigracioneslaspalmas.org\/index.php\/wp-json\/wp\/v2\/media?parent=740"}],"wp:term":[{"taxonomy":"category","embeddable":true,"href":"https:\/\/secretariadomigracioneslaspalmas.org\/index.php\/wp-json\/wp\/v2\/categories?post=740"},{"taxonomy":"post_tag","embeddable":true,"href":"https:\/\/secretariadomigracioneslaspalmas.org\/index.php\/wp-json\/wp\/v2\/tags?post=740"}],"curies":[{"name":"wp","href":"https:\/\/api.w.org\/{rel}","templated":true}]}}