{"id":709,"date":"2022-01-21T13:00:00","date_gmt":"2022-01-21T13:00:00","guid":{"rendered":"https:\/\/secretariadomigracioneslaspalmas.org\/?p=709"},"modified":"2022-01-21T13:34:04","modified_gmt":"2022-01-21T13:34:04","slug":"trata-de-personas-y-herramientas-digitales","status":"publish","type":"post","link":"https:\/\/secretariadomigracioneslaspalmas.org\/index.php\/2022\/01\/21\/trata-de-personas-y-herramientas-digitales\/","title":{"rendered":"TRATA DE PERSONAS Y HERRAMIENTAS DIGITALES"},"content":{"rendered":"\n<p class=\"has-vivid-red-color has-text-color\">La <strong>Secci\u00f3n Migrantes y Refugiados del Dicasterio para el Servicio del Desarrollo Humano<br>Integral<\/strong> reitera la <strong>preocupaci\u00f3n del Santo Padre por las v\u00edctimas de la trata<\/strong>, que son ahora<br>m\u00e1s vulnerables debido a la pandemia, y su invitaci\u00f3n a luchar contra este comercio<br>abominable en todas sus formas. Por ello, <strong>exhorta a todos los actores pol\u00edticos y sociales a<br>realizar un esfuerzo mayor para garantizar que los traficantes de personas no utilicen los<br>medios digitales para captar y explotar a las v\u00edctimas.<\/strong><\/p>\n\n\n\n<div class=\"wp-block-file\"><a href=\"https:\/\/secretariadomigracioneslaspalmas.org\/wp-content\/uploads\/2022\/01\/Human-Trafficking-Herramientas-Digitales-1.pdf\">Trata de personas y herramientas digitales<\/a><a href=\"https:\/\/secretariadomigracioneslaspalmas.org\/wp-content\/uploads\/2022\/01\/Human-Trafficking-Herramientas-Digitales-1.pdf\" class=\"wp-block-file__button\" download>Descarga<\/a><\/div>\n\n\n\n<p><\/p>\n","protected":false},"excerpt":{"rendered":"<p>La Secci\u00f3n Migrantes y Refugiados del Dicasterio para el Servicio del Desarrollo HumanoIntegral reitera la preocupaci\u00f3n del Santo Padre por&hellip; <\/p>\n","protected":false},"author":2,"featured_media":712,"comment_status":"closed","ping_status":"open","sticky":false,"template":"","format":"standard","meta":{"footnotes":""},"categories":[13,1,4,11],"tags":[],"class_list":["post-709","post","type-post","status-publish","format-standard","has-post-thumbnail","hentry","category-categoria-6","category-categorias","category-categoria-2","category-categoria-4"],"_links":{"self":[{"href":"https:\/\/secretariadomigracioneslaspalmas.org\/index.php\/wp-json\/wp\/v2\/posts\/709","targetHints":{"allow":["GET"]}}],"collection":[{"href":"https:\/\/secretariadomigracioneslaspalmas.org\/index.php\/wp-json\/wp\/v2\/posts"}],"about":[{"href":"https:\/\/secretariadomigracioneslaspalmas.org\/index.php\/wp-json\/wp\/v2\/types\/post"}],"author":[{"embeddable":true,"href":"https:\/\/secretariadomigracioneslaspalmas.org\/index.php\/wp-json\/wp\/v2\/users\/2"}],"replies":[{"embeddable":true,"href":"https:\/\/secretariadomigracioneslaspalmas.org\/index.php\/wp-json\/wp\/v2\/comments?post=709"}],"version-history":[{"count":1,"href":"https:\/\/secretariadomigracioneslaspalmas.org\/index.php\/wp-json\/wp\/v2\/posts\/709\/revisions"}],"predecessor-version":[{"id":713,"href":"https:\/\/secretariadomigracioneslaspalmas.org\/index.php\/wp-json\/wp\/v2\/posts\/709\/revisions\/713"}],"wp:featuredmedia":[{"embeddable":true,"href":"https:\/\/secretariadomigracioneslaspalmas.org\/index.php\/wp-json\/wp\/v2\/media\/712"}],"wp:attachment":[{"href":"https:\/\/secretariadomigracioneslaspalmas.org\/index.php\/wp-json\/wp\/v2\/media?parent=709"}],"wp:term":[{"taxonomy":"category","embeddable":true,"href":"https:\/\/secretariadomigracioneslaspalmas.org\/index.php\/wp-json\/wp\/v2\/categories?post=709"},{"taxonomy":"post_tag","embeddable":true,"href":"https:\/\/secretariadomigracioneslaspalmas.org\/index.php\/wp-json\/wp\/v2\/tags?post=709"}],"curies":[{"name":"wp","href":"https:\/\/api.w.org\/{rel}","templated":true}]}}