{"id":628,"date":"2021-07-26T18:27:00","date_gmt":"2021-07-26T18:27:00","guid":{"rendered":"https:\/\/secretariadomigracioneslaspalmas.org\/?p=628"},"modified":"2021-07-27T17:47:37","modified_gmt":"2021-07-27T17:47:37","slug":"30-de-julio-dia-mundial-contra-la-trata-de-personas","status":"publish","type":"post","link":"https:\/\/secretariadomigracioneslaspalmas.org\/index.php\/2021\/07\/26\/30-de-julio-dia-mundial-contra-la-trata-de-personas\/","title":{"rendered":"30 de julio: D\u00cdA MUNDIAL CONTRA LA TRATA DE PERSONAS"},"content":{"rendered":"\n<figure class=\"wp-block-gallery columns-1 is-cropped wp-block-gallery-1 is-layout-flex wp-block-gallery-is-layout-flex\"><ul class=\"blocks-gallery-grid\"><li class=\"blocks-gallery-item\"><figure><img loading=\"lazy\" decoding=\"async\" width=\"1024\" height=\"724\" src=\"https:\/\/secretariadomigracioneslaspalmas.org\/wp-content\/uploads\/2021\/07\/IMG-20210726-WA0007-1024x724.jpg\" alt=\"\" data-id=\"629\" data-full-url=\"https:\/\/secretariadomigracioneslaspalmas.org\/wp-content\/uploads\/2021\/07\/IMG-20210726-WA0007.jpg\" data-link=\"https:\/\/secretariadomigracioneslaspalmas.org\/?attachment_id=629\" class=\"wp-image-629\" srcset=\"https:\/\/secretariadomigracioneslaspalmas.org\/wp-content\/uploads\/2021\/07\/IMG-20210726-WA0007-1024x724.jpg 1024w, https:\/\/secretariadomigracioneslaspalmas.org\/wp-content\/uploads\/2021\/07\/IMG-20210726-WA0007-300x212.jpg 300w, https:\/\/secretariadomigracioneslaspalmas.org\/wp-content\/uploads\/2021\/07\/IMG-20210726-WA0007-768x543.jpg 768w, https:\/\/secretariadomigracioneslaspalmas.org\/wp-content\/uploads\/2021\/07\/IMG-20210726-WA0007-1536x1086.jpg 1536w, https:\/\/secretariadomigracioneslaspalmas.org\/wp-content\/uploads\/2021\/07\/IMG-20210726-WA0007-700x496.jpg 700w, https:\/\/secretariadomigracioneslaspalmas.org\/wp-content\/uploads\/2021\/07\/IMG-20210726-WA0007.jpg 1600w\" sizes=\"auto, (max-width: 1024px) 100vw, 1024px\" \/><\/figure><\/li><\/ul><\/figure>\n\n\n\n<h2 class=\"wp-block-heading\">&gt; ORACI\u00d3N PARA EL D\u00cdA MUNDIAL CONTRA LA TRATA DE PERSONAS<\/h2>\n\n\n\n<ul class=\"wp-block-list\"><li><strong>Aqu\u00ed puedes ver la <a rel=\"noreferrer noopener\" href=\"https:\/\/secretariadomigracioneslaspalmas.org\/wp-content\/uploads\/2021\/07\/ORACIO%CC%81N-PARA-EL-DIA-MUNDIAL-CONTRA-LA-TRATA-DE-PERSONAS.pdf\" data-type=\"URL\" data-id=\"https:\/\/secretariadomigracioneslaspalmas.org\/wp-content\/uploads\/2021\/07\/ORACIO%CC%81N-PARA-EL-DIA-MUNDIAL-CONTRA-LA-TRATA-DE-PERSONAS.pdf\" target=\"_blank\">ORACI\u00d3N PARA EL DIA MUNDIAL CONTRA LA TRATA DE PERSONAS<\/a><\/strong><\/li><\/ul>\n\n\n\n<h2 class=\"wp-block-heading\"> &gt; PROYECTO OBLATAS EUROPA <\/h2>\n\n\n\n<figure class=\"wp-block-embed is-type-video is-provider-youtube wp-block-embed-youtube wp-embed-aspect-16-9 wp-has-aspect-ratio\"><div class=\"wp-block-embed__wrapper\">\n<iframe loading=\"lazy\" title=\"TRATA 30 DE JUL ESP\" width=\"790\" height=\"444\" src=\"https:\/\/www.youtube.com\/embed\/1zdHeVI5jvI?feature=oembed\" frameborder=\"0\" allow=\"accelerometer; autoplay; clipboard-write; encrypted-media; gyroscope; picture-in-picture\" allowfullscreen><\/iframe>\n<\/div><\/figure>\n\n\n\n<h2 class=\"wp-block-heading\"> &gt; AZOTE\u00cdSTAS, MUJERES VALIENTES <\/h2>\n\n\n\n<ul class=\"wp-block-list\"><li>Mujeres que est\u00e1n en contexto de prostituci\u00f3n o son supervivientes de explotaci\u00f3n sexual se re\u00fanen cada semana en la azotea del Centro de Lugo de <strong>C\u00e1ritas Diocesana de Canarias.<\/strong><\/li><\/ul>\n\n\n\n<figure class=\"wp-block-embed is-type-wp-embed is-provider-caritas wp-block-embed-caritas\"><div class=\"wp-block-embed__wrapper\">\n<blockquote class=\"wp-embedded-content\" data-secret=\"RI5kBbJAOT\"><a href=\"https:\/\/www.caritas.es\/blog\/azoteistas-mujeres-trata-prostitucion\/\">Azote\u00edstas, mujeres valientes<\/a><\/blockquote><iframe loading=\"lazy\" class=\"wp-embedded-content\" sandbox=\"allow-scripts\" security=\"restricted\" style=\"position: absolute; clip: rect(1px, 1px, 1px, 1px);\" title=\"&#171;Azote\u00edstas, mujeres valientes&#187; &#8212; C\u00e1ritas\" src=\"https:\/\/www.caritas.es\/blog\/azoteistas-mujeres-trata-prostitucion\/embed\/#?secret=RI5kBbJAOT\" data-secret=\"RI5kBbJAOT\" width=\"600\" height=\"338\" frameborder=\"0\" marginwidth=\"0\" marginheight=\"0\" scrolling=\"no\"><\/iframe>\n<\/div><\/figure>\n\n\n\n<p><\/p>\n","protected":false},"excerpt":{"rendered":"<p>&gt; ORACI\u00d3N PARA EL D\u00cdA MUNDIAL CONTRA LA TRATA DE PERSONAS Aqu\u00ed puedes ver la ORACI\u00d3N PARA EL DIA MUNDIAL&hellip; <\/p>\n","protected":false},"author":2,"featured_media":629,"comment_status":"closed","ping_status":"open","sticky":false,"template":"","format":"standard","meta":{"footnotes":""},"categories":[1,4,11],"tags":[],"class_list":["post-628","post","type-post","status-publish","format-standard","has-post-thumbnail","hentry","category-categorias","category-categoria-2","category-categoria-4"],"_links":{"self":[{"href":"https:\/\/secretariadomigracioneslaspalmas.org\/index.php\/wp-json\/wp\/v2\/posts\/628","targetHints":{"allow":["GET"]}}],"collection":[{"href":"https:\/\/secretariadomigracioneslaspalmas.org\/index.php\/wp-json\/wp\/v2\/posts"}],"about":[{"href":"https:\/\/secretariadomigracioneslaspalmas.org\/index.php\/wp-json\/wp\/v2\/types\/post"}],"author":[{"embeddable":true,"href":"https:\/\/secretariadomigracioneslaspalmas.org\/index.php\/wp-json\/wp\/v2\/users\/2"}],"replies":[{"embeddable":true,"href":"https:\/\/secretariadomigracioneslaspalmas.org\/index.php\/wp-json\/wp\/v2\/comments?post=628"}],"version-history":[{"count":7,"href":"https:\/\/secretariadomigracioneslaspalmas.org\/index.php\/wp-json\/wp\/v2\/posts\/628\/revisions"}],"predecessor-version":[{"id":636,"href":"https:\/\/secretariadomigracioneslaspalmas.org\/index.php\/wp-json\/wp\/v2\/posts\/628\/revisions\/636"}],"wp:featuredmedia":[{"embeddable":true,"href":"https:\/\/secretariadomigracioneslaspalmas.org\/index.php\/wp-json\/wp\/v2\/media\/629"}],"wp:attachment":[{"href":"https:\/\/secretariadomigracioneslaspalmas.org\/index.php\/wp-json\/wp\/v2\/media?parent=628"}],"wp:term":[{"taxonomy":"category","embeddable":true,"href":"https:\/\/secretariadomigracioneslaspalmas.org\/index.php\/wp-json\/wp\/v2\/categories?post=628"},{"taxonomy":"post_tag","embeddable":true,"href":"https:\/\/secretariadomigracioneslaspalmas.org\/index.php\/wp-json\/wp\/v2\/tags?post=628"}],"curies":[{"name":"wp","href":"https:\/\/api.w.org\/{rel}","templated":true}]}}