{"id":537,"date":"2021-06-04T16:40:00","date_gmt":"2021-06-04T16:40:00","guid":{"rendered":"https:\/\/secretariadomigracioneslaspalmas.org\/?p=537"},"modified":"2021-06-10T16:42:44","modified_gmt":"2021-06-10T16:42:44","slug":"que-esta-pasando-en-ceuta","status":"publish","type":"post","link":"https:\/\/secretariadomigracioneslaspalmas.org\/index.php\/2021\/06\/04\/que-esta-pasando-en-ceuta\/","title":{"rendered":"\u00bfQu\u00e9 est\u00e1 pasando en Ceuta?"},"content":{"rendered":"\n<p>Informaci\u00f3n de la Asociaci\u00f3n <em>Elin<\/em> sobre la situaci\u00f3n de las personas migrantes llegadas \u00faltimamente a Ceuta.<\/p>\n\n\n\n<div class=\"wp-block-group\"><div class=\"wp-block-group__inner-container is-layout-flow wp-block-group-is-layout-flow\">\n<figure class=\"wp-block-gallery columns-3 is-cropped wp-block-gallery-1 is-layout-flex wp-block-gallery-is-layout-flex\"><ul class=\"blocks-gallery-grid\"><li class=\"blocks-gallery-item\"><figure><img loading=\"lazy\" decoding=\"async\" width=\"1024\" height=\"1024\" src=\"https:\/\/secretariadomigracioneslaspalmas.org\/wp-content\/uploads\/2021\/06\/IMG-20210604-WA0010-1024x1024.jpg\" alt=\"\" data-id=\"538\" data-full-url=\"https:\/\/secretariadomigracioneslaspalmas.org\/wp-content\/uploads\/2021\/06\/IMG-20210604-WA0010.jpg\" data-link=\"https:\/\/secretariadomigracioneslaspalmas.org\/?attachment_id=538\" class=\"wp-image-538\" srcset=\"https:\/\/secretariadomigracioneslaspalmas.org\/wp-content\/uploads\/2021\/06\/IMG-20210604-WA0010-1024x1024.jpg 1024w, https:\/\/secretariadomigracioneslaspalmas.org\/wp-content\/uploads\/2021\/06\/IMG-20210604-WA0010-300x300.jpg 300w, https:\/\/secretariadomigracioneslaspalmas.org\/wp-content\/uploads\/2021\/06\/IMG-20210604-WA0010-150x150.jpg 150w, https:\/\/secretariadomigracioneslaspalmas.org\/wp-content\/uploads\/2021\/06\/IMG-20210604-WA0010-768x768.jpg 768w, https:\/\/secretariadomigracioneslaspalmas.org\/wp-content\/uploads\/2021\/06\/IMG-20210604-WA0010.jpg 1080w\" sizes=\"auto, (max-width: 1024px) 100vw, 1024px\" \/><\/figure><\/li><li class=\"blocks-gallery-item\"><figure><img loading=\"lazy\" decoding=\"async\" width=\"1024\" height=\"1024\" src=\"https:\/\/secretariadomigracioneslaspalmas.org\/wp-content\/uploads\/2021\/06\/IMG-20210604-WA0011-1024x1024.jpg\" alt=\"\" data-id=\"539\" data-full-url=\"https:\/\/secretariadomigracioneslaspalmas.org\/wp-content\/uploads\/2021\/06\/IMG-20210604-WA0011.jpg\" data-link=\"https:\/\/secretariadomigracioneslaspalmas.org\/?attachment_id=539\" class=\"wp-image-539\" srcset=\"https:\/\/secretariadomigracioneslaspalmas.org\/wp-content\/uploads\/2021\/06\/IMG-20210604-WA0011-1024x1024.jpg 1024w, https:\/\/secretariadomigracioneslaspalmas.org\/wp-content\/uploads\/2021\/06\/IMG-20210604-WA0011-300x300.jpg 300w, https:\/\/secretariadomigracioneslaspalmas.org\/wp-content\/uploads\/2021\/06\/IMG-20210604-WA0011-150x150.jpg 150w, https:\/\/secretariadomigracioneslaspalmas.org\/wp-content\/uploads\/2021\/06\/IMG-20210604-WA0011-768x768.jpg 768w, https:\/\/secretariadomigracioneslaspalmas.org\/wp-content\/uploads\/2021\/06\/IMG-20210604-WA0011.jpg 1080w\" sizes=\"auto, (max-width: 1024px) 100vw, 1024px\" \/><\/figure><\/li><li class=\"blocks-gallery-item\"><figure><img loading=\"lazy\" decoding=\"async\" width=\"1024\" height=\"1024\" src=\"https:\/\/secretariadomigracioneslaspalmas.org\/wp-content\/uploads\/2021\/06\/IMG-20210604-WA0012-1024x1024.jpg\" alt=\"\" data-id=\"540\" data-full-url=\"https:\/\/secretariadomigracioneslaspalmas.org\/wp-content\/uploads\/2021\/06\/IMG-20210604-WA0012.jpg\" data-link=\"https:\/\/secretariadomigracioneslaspalmas.org\/?attachment_id=540\" class=\"wp-image-540\" srcset=\"https:\/\/secretariadomigracioneslaspalmas.org\/wp-content\/uploads\/2021\/06\/IMG-20210604-WA0012-1024x1024.jpg 1024w, https:\/\/secretariadomigracioneslaspalmas.org\/wp-content\/uploads\/2021\/06\/IMG-20210604-WA0012-300x300.jpg 300w, https:\/\/secretariadomigracioneslaspalmas.org\/wp-content\/uploads\/2021\/06\/IMG-20210604-WA0012-150x150.jpg 150w, https:\/\/secretariadomigracioneslaspalmas.org\/wp-content\/uploads\/2021\/06\/IMG-20210604-WA0012-768x768.jpg 768w, https:\/\/secretariadomigracioneslaspalmas.org\/wp-content\/uploads\/2021\/06\/IMG-20210604-WA0012.jpg 1080w\" sizes=\"auto, (max-width: 1024px) 100vw, 1024px\" \/><\/figure><\/li><li class=\"blocks-gallery-item\"><figure><img loading=\"lazy\" decoding=\"async\" width=\"1024\" height=\"1024\" src=\"https:\/\/secretariadomigracioneslaspalmas.org\/wp-content\/uploads\/2021\/06\/IMG-20210604-WA0013-1024x1024.jpg\" alt=\"\" data-id=\"541\" data-full-url=\"https:\/\/secretariadomigracioneslaspalmas.org\/wp-content\/uploads\/2021\/06\/IMG-20210604-WA0013.jpg\" data-link=\"https:\/\/secretariadomigracioneslaspalmas.org\/?attachment_id=541\" class=\"wp-image-541\" srcset=\"https:\/\/secretariadomigracioneslaspalmas.org\/wp-content\/uploads\/2021\/06\/IMG-20210604-WA0013-1024x1024.jpg 1024w, https:\/\/secretariadomigracioneslaspalmas.org\/wp-content\/uploads\/2021\/06\/IMG-20210604-WA0013-300x300.jpg 300w, https:\/\/secretariadomigracioneslaspalmas.org\/wp-content\/uploads\/2021\/06\/IMG-20210604-WA0013-150x150.jpg 150w, https:\/\/secretariadomigracioneslaspalmas.org\/wp-content\/uploads\/2021\/06\/IMG-20210604-WA0013-768x768.jpg 768w, https:\/\/secretariadomigracioneslaspalmas.org\/wp-content\/uploads\/2021\/06\/IMG-20210604-WA0013.jpg 1080w\" sizes=\"auto, (max-width: 1024px) 100vw, 1024px\" \/><\/figure><\/li><li class=\"blocks-gallery-item\"><figure><img loading=\"lazy\" decoding=\"async\" width=\"1024\" height=\"1024\" src=\"https:\/\/secretariadomigracioneslaspalmas.org\/wp-content\/uploads\/2021\/06\/IMG-20210604-WA0019-1-1024x1024.jpg\" alt=\"\" data-id=\"552\" data-full-url=\"https:\/\/secretariadomigracioneslaspalmas.org\/wp-content\/uploads\/2021\/06\/IMG-20210604-WA0019-1.jpg\" data-link=\"https:\/\/secretariadomigracioneslaspalmas.org\/?attachment_id=552\" class=\"wp-image-552\" srcset=\"https:\/\/secretariadomigracioneslaspalmas.org\/wp-content\/uploads\/2021\/06\/IMG-20210604-WA0019-1-1024x1024.jpg 1024w, https:\/\/secretariadomigracioneslaspalmas.org\/wp-content\/uploads\/2021\/06\/IMG-20210604-WA0019-1-300x300.jpg 300w, https:\/\/secretariadomigracioneslaspalmas.org\/wp-content\/uploads\/2021\/06\/IMG-20210604-WA0019-1-150x150.jpg 150w, https:\/\/secretariadomigracioneslaspalmas.org\/wp-content\/uploads\/2021\/06\/IMG-20210604-WA0019-1-768x768.jpg 768w, https:\/\/secretariadomigracioneslaspalmas.org\/wp-content\/uploads\/2021\/06\/IMG-20210604-WA0019-1.jpg 1080w\" sizes=\"auto, (max-width: 1024px) 100vw, 1024px\" \/><\/figure><\/li><li class=\"blocks-gallery-item\"><figure><img loading=\"lazy\" decoding=\"async\" width=\"1024\" height=\"1024\" src=\"https:\/\/secretariadomigracioneslaspalmas.org\/wp-content\/uploads\/2021\/06\/IMG-20210604-WA0014-1024x1024.jpg\" alt=\"\" data-id=\"542\" data-full-url=\"https:\/\/secretariadomigracioneslaspalmas.org\/wp-content\/uploads\/2021\/06\/IMG-20210604-WA0014.jpg\" data-link=\"https:\/\/secretariadomigracioneslaspalmas.org\/?attachment_id=542\" class=\"wp-image-542\" srcset=\"https:\/\/secretariadomigracioneslaspalmas.org\/wp-content\/uploads\/2021\/06\/IMG-20210604-WA0014-1024x1024.jpg 1024w, https:\/\/secretariadomigracioneslaspalmas.org\/wp-content\/uploads\/2021\/06\/IMG-20210604-WA0014-300x300.jpg 300w, https:\/\/secretariadomigracioneslaspalmas.org\/wp-content\/uploads\/2021\/06\/IMG-20210604-WA0014-150x150.jpg 150w, https:\/\/secretariadomigracioneslaspalmas.org\/wp-content\/uploads\/2021\/06\/IMG-20210604-WA0014-768x768.jpg 768w, https:\/\/secretariadomigracioneslaspalmas.org\/wp-content\/uploads\/2021\/06\/IMG-20210604-WA0014.jpg 1080w\" sizes=\"auto, (max-width: 1024px) 100vw, 1024px\" \/><\/figure><\/li><li class=\"blocks-gallery-item\"><figure><img loading=\"lazy\" decoding=\"async\" width=\"1024\" height=\"1024\" src=\"https:\/\/secretariadomigracioneslaspalmas.org\/wp-content\/uploads\/2021\/06\/IMG-20210604-WA0018-1024x1024.jpg\" alt=\"\" data-id=\"547\" data-full-url=\"https:\/\/secretariadomigracioneslaspalmas.org\/wp-content\/uploads\/2021\/06\/IMG-20210604-WA0018.jpg\" data-link=\"https:\/\/secretariadomigracioneslaspalmas.org\/?attachment_id=547\" class=\"wp-image-547\" srcset=\"https:\/\/secretariadomigracioneslaspalmas.org\/wp-content\/uploads\/2021\/06\/IMG-20210604-WA0018-1024x1024.jpg 1024w, https:\/\/secretariadomigracioneslaspalmas.org\/wp-content\/uploads\/2021\/06\/IMG-20210604-WA0018-300x300.jpg 300w, https:\/\/secretariadomigracioneslaspalmas.org\/wp-content\/uploads\/2021\/06\/IMG-20210604-WA0018-150x150.jpg 150w, https:\/\/secretariadomigracioneslaspalmas.org\/wp-content\/uploads\/2021\/06\/IMG-20210604-WA0018-768x768.jpg 768w, https:\/\/secretariadomigracioneslaspalmas.org\/wp-content\/uploads\/2021\/06\/IMG-20210604-WA0018.jpg 1080w\" sizes=\"auto, (max-width: 1024px) 100vw, 1024px\" \/><\/figure><\/li><li class=\"blocks-gallery-item\"><figure><img loading=\"lazy\" decoding=\"async\" width=\"1024\" height=\"1024\" src=\"https:\/\/secretariadomigracioneslaspalmas.org\/wp-content\/uploads\/2021\/06\/IMG-20210604-WA0015-1024x1024.jpg\" alt=\"\" data-id=\"543\" data-full-url=\"https:\/\/secretariadomigracioneslaspalmas.org\/wp-content\/uploads\/2021\/06\/IMG-20210604-WA0015.jpg\" data-link=\"https:\/\/secretariadomigracioneslaspalmas.org\/?attachment_id=543\" class=\"wp-image-543\" srcset=\"https:\/\/secretariadomigracioneslaspalmas.org\/wp-content\/uploads\/2021\/06\/IMG-20210604-WA0015-1024x1024.jpg 1024w, https:\/\/secretariadomigracioneslaspalmas.org\/wp-content\/uploads\/2021\/06\/IMG-20210604-WA0015-300x300.jpg 300w, https:\/\/secretariadomigracioneslaspalmas.org\/wp-content\/uploads\/2021\/06\/IMG-20210604-WA0015-150x150.jpg 150w, https:\/\/secretariadomigracioneslaspalmas.org\/wp-content\/uploads\/2021\/06\/IMG-20210604-WA0015-768x768.jpg 768w, https:\/\/secretariadomigracioneslaspalmas.org\/wp-content\/uploads\/2021\/06\/IMG-20210604-WA0015.jpg 1080w\" sizes=\"auto, (max-width: 1024px) 100vw, 1024px\" \/><\/figure><\/li><li class=\"blocks-gallery-item\"><figure><img loading=\"lazy\" decoding=\"async\" width=\"1024\" height=\"1024\" src=\"https:\/\/secretariadomigracioneslaspalmas.org\/wp-content\/uploads\/2021\/06\/IMG-20210604-WA0017-1-1024x1024.jpg\" alt=\"\" data-id=\"550\" data-full-url=\"https:\/\/secretariadomigracioneslaspalmas.org\/wp-content\/uploads\/2021\/06\/IMG-20210604-WA0017-1.jpg\" data-link=\"https:\/\/secretariadomigracioneslaspalmas.org\/?attachment_id=550\" class=\"wp-image-550\" srcset=\"https:\/\/secretariadomigracioneslaspalmas.org\/wp-content\/uploads\/2021\/06\/IMG-20210604-WA0017-1-1024x1024.jpg 1024w, https:\/\/secretariadomigracioneslaspalmas.org\/wp-content\/uploads\/2021\/06\/IMG-20210604-WA0017-1-300x300.jpg 300w, https:\/\/secretariadomigracioneslaspalmas.org\/wp-content\/uploads\/2021\/06\/IMG-20210604-WA0017-1-150x150.jpg 150w, https:\/\/secretariadomigracioneslaspalmas.org\/wp-content\/uploads\/2021\/06\/IMG-20210604-WA0017-1-768x768.jpg 768w, https:\/\/secretariadomigracioneslaspalmas.org\/wp-content\/uploads\/2021\/06\/IMG-20210604-WA0017-1.jpg 1080w\" sizes=\"auto, (max-width: 1024px) 100vw, 1024px\" \/><\/figure><\/li><li class=\"blocks-gallery-item\"><figure><img loading=\"lazy\" decoding=\"async\" width=\"1024\" height=\"1024\" src=\"https:\/\/secretariadomigracioneslaspalmas.org\/wp-content\/uploads\/2021\/06\/IMG-20210604-WA0016-1024x1024.jpg\" alt=\"\" data-id=\"545\" data-full-url=\"https:\/\/secretariadomigracioneslaspalmas.org\/wp-content\/uploads\/2021\/06\/IMG-20210604-WA0016.jpg\" data-link=\"https:\/\/secretariadomigracioneslaspalmas.org\/?attachment_id=545\" class=\"wp-image-545\" srcset=\"https:\/\/secretariadomigracioneslaspalmas.org\/wp-content\/uploads\/2021\/06\/IMG-20210604-WA0016-1024x1024.jpg 1024w, https:\/\/secretariadomigracioneslaspalmas.org\/wp-content\/uploads\/2021\/06\/IMG-20210604-WA0016-300x300.jpg 300w, https:\/\/secretariadomigracioneslaspalmas.org\/wp-content\/uploads\/2021\/06\/IMG-20210604-WA0016-150x150.jpg 150w, https:\/\/secretariadomigracioneslaspalmas.org\/wp-content\/uploads\/2021\/06\/IMG-20210604-WA0016-768x768.jpg 768w, https:\/\/secretariadomigracioneslaspalmas.org\/wp-content\/uploads\/2021\/06\/IMG-20210604-WA0016.jpg 1080w\" sizes=\"auto, (max-width: 1024px) 100vw, 1024px\" \/><\/figure><\/li><\/ul><\/figure>\n<\/div><\/div>\n","protected":false},"excerpt":{"rendered":"<p>Informaci\u00f3n de la Asociaci\u00f3n Elin sobre la situaci\u00f3n de las personas migrantes llegadas \u00faltimamente a Ceuta.<\/p>\n","protected":false},"author":2,"featured_media":538,"comment_status":"closed","ping_status":"open","sticky":false,"template":"","format":"standard","meta":{"footnotes":""},"categories":[1,4],"tags":[],"class_list":["post-537","post","type-post","status-publish","format-standard","has-post-thumbnail","hentry","category-categorias","category-categoria-2"],"_links":{"self":[{"href":"https:\/\/secretariadomigracioneslaspalmas.org\/index.php\/wp-json\/wp\/v2\/posts\/537","targetHints":{"allow":["GET"]}}],"collection":[{"href":"https:\/\/secretariadomigracioneslaspalmas.org\/index.php\/wp-json\/wp\/v2\/posts"}],"about":[{"href":"https:\/\/secretariadomigracioneslaspalmas.org\/index.php\/wp-json\/wp\/v2\/types\/post"}],"author":[{"embeddable":true,"href":"https:\/\/secretariadomigracioneslaspalmas.org\/index.php\/wp-json\/wp\/v2\/users\/2"}],"replies":[{"embeddable":true,"href":"https:\/\/secretariadomigracioneslaspalmas.org\/index.php\/wp-json\/wp\/v2\/comments?post=537"}],"version-history":[{"count":1,"href":"https:\/\/secretariadomigracioneslaspalmas.org\/index.php\/wp-json\/wp\/v2\/posts\/537\/revisions"}],"predecessor-version":[{"id":553,"href":"https:\/\/secretariadomigracioneslaspalmas.org\/index.php\/wp-json\/wp\/v2\/posts\/537\/revisions\/553"}],"wp:featuredmedia":[{"embeddable":true,"href":"https:\/\/secretariadomigracioneslaspalmas.org\/index.php\/wp-json\/wp\/v2\/media\/538"}],"wp:attachment":[{"href":"https:\/\/secretariadomigracioneslaspalmas.org\/index.php\/wp-json\/wp\/v2\/media?parent=537"}],"wp:term":[{"taxonomy":"category","embeddable":true,"href":"https:\/\/secretariadomigracioneslaspalmas.org\/index.php\/wp-json\/wp\/v2\/categories?post=537"},{"taxonomy":"post_tag","embeddable":true,"href":"https:\/\/secretariadomigracioneslaspalmas.org\/index.php\/wp-json\/wp\/v2\/tags?post=537"}],"curies":[{"name":"wp","href":"https:\/\/api.w.org\/{rel}","templated":true}]}}