{"id":223,"date":"2021-04-06T08:39:01","date_gmt":"2021-04-06T08:39:01","guid":{"rendered":"https:\/\/secretariadomigracioneslaspalmas.org\/?p=223"},"modified":"2022-09-06T17:52:25","modified_gmt":"2022-09-06T17:52:25","slug":"comunicado-de-la-red-migrantes-con-derechos-en-canarias-acoger-proteger-promover-e-integrar","status":"publish","type":"post","link":"https:\/\/secretariadomigracioneslaspalmas.org\/index.php\/2021\/04\/06\/comunicado-de-la-red-migrantes-con-derechos-en-canarias-acoger-proteger-promover-e-integrar\/","title":{"rendered":"COMUNICADO de la RED MIGRANTES CON DERECHOS en Canarias \u201cACOGER, PROTEGER, PROMOVER E INTEGRAR\u201d"},"content":{"rendered":"\n<p><\/p>\n\n\n\n<p>Las organizaciones abajo firmantes, muy preocupadas por la indiferencia de nuestra sociedad ante los acontecimientos referidos a las personas migrantes que han llegado en las \u00faltimas semanas a nuestras islas, que son hacinados en condiciones infrahumanas, hemos constatado y manifestamos y denunciamos que:<\/p>\n\n\n\n<p>La respuesta a esta realidad compleja debe ser generosa y el fiel reflejo de un firme compromiso con el cumplimiento de los derechos humanos y la dignidad de las personas por encima de cualquier otra prioridad, pues ni la situaci\u00f3n de la pandemia actual, ni el supuesto miedo a un posible efecto llamada, debe convertir en pr\u00e1ctica habitual en la acogida humanitaria el hacinamiento en condiciones infrahumanas e indignas de un estado de derecho y de una sociedad de bienestar.<\/p>\n\n\n\n<p>Deploramos la gesti\u00f3n ineficaz de la acogida humanitaria que ha llevado a las situaciones que hemos visto en los \u00faltimos d\u00edas en los medios de comunicaci\u00f3n sobre las condiciones de las personas migrantes en el Muelle de Arguinegu\u00edn. Es inaceptable e indignante que las personas migrantes permanezcan retenidas en lugares absolutamente inapropiados, que ponen en peligro su salud.<\/p>\n\n\n\n<p>No queremos seguir viendo ni queremos acostumbrarnos&nbsp;<strong>a la pasividad, indiferencia, improvisaci\u00f3n y dejadez de los titulares de responsabilidad ante una realidad que se viene agravando en los \u00faltimos meses.<\/strong><\/p>\n\n\n\n<p>Por todo ello, queremos alzar nuestra voz como red \u201cMigrantes Con Derechos\u201d y exigir al Estado espa\u00f1ol:<\/p>\n\n\n\n<p><strong>1. Puesta en marcha un sistema de acogida digna y eficaz, respetuoso con los derechos humanos y dotado de medios suficientes y proporcionales al n\u00famero de personas que<\/strong>&nbsp;lo necesiten.<br><strong>2. Corresponsabilidad y mayor y mejor coordinaci\u00f3n<\/strong>&nbsp;de todas las administraciones y recursos implicados en la atenci\u00f3n a las personas que llegan a nuestras islas, especialmente a las m\u00e1s vulnerables.<br><strong>3. Cumplimiento de los protocolos de identificaci\u00f3n de posibles menores<\/strong>&nbsp;que llegan a nuestras islas procedentes de pa\u00edses en guerra o conflicto armado.<\/p>\n\n\n\n<p>Reclamamos a las autoridades competentes y responsables de gestionar los flujos migratorios que tengan previstos protocolos de acogida humanitaria que contemplen lugares de acogida dignos; que se tenga en cuenta la condici\u00f3n de g\u00e9nero y edad de las personas que llegan; que se respete el derecho al asesoramiento jur\u00eddico, la asistencia sanitaria y el apoyo psicosocial en su propio idioma y que se promuevan procesos de integraci\u00f3n, consider\u00e1ndolos ciudadanos de pleno derecho.<\/p>\n\n\n\n<p>Hacemos tambi\u00e9n una llamada al papel fundamental de la ciudadan\u00eda, para que no se caiga en la indiferencia y el silencio c\u00f3mplice con la realidad de exclusi\u00f3n social de las personas migrantes y que legitima la \u201ccultura del descarte\u201d.<\/p>\n","protected":false},"excerpt":{"rendered":"<p>Las organizaciones abajo firmantes, muy preocupadas por la indiferencia de nuestra sociedad ante los acontecimientos referidos a las personas migrantes&hellip; <\/p>\n","protected":false},"author":2,"featured_media":0,"comment_status":"closed","ping_status":"open","sticky":false,"template":"","format":"standard","meta":{"footnotes":""},"categories":[11],"tags":[],"class_list":["post-223","post","type-post","status-publish","format-standard","hentry","category-categoria-4"],"_links":{"self":[{"href":"https:\/\/secretariadomigracioneslaspalmas.org\/index.php\/wp-json\/wp\/v2\/posts\/223","targetHints":{"allow":["GET"]}}],"collection":[{"href":"https:\/\/secretariadomigracioneslaspalmas.org\/index.php\/wp-json\/wp\/v2\/posts"}],"about":[{"href":"https:\/\/secretariadomigracioneslaspalmas.org\/index.php\/wp-json\/wp\/v2\/types\/post"}],"author":[{"embeddable":true,"href":"https:\/\/secretariadomigracioneslaspalmas.org\/index.php\/wp-json\/wp\/v2\/users\/2"}],"replies":[{"embeddable":true,"href":"https:\/\/secretariadomigracioneslaspalmas.org\/index.php\/wp-json\/wp\/v2\/comments?post=223"}],"version-history":[{"count":2,"href":"https:\/\/secretariadomigracioneslaspalmas.org\/index.php\/wp-json\/wp\/v2\/posts\/223\/revisions"}],"predecessor-version":[{"id":840,"href":"https:\/\/secretariadomigracioneslaspalmas.org\/index.php\/wp-json\/wp\/v2\/posts\/223\/revisions\/840"}],"wp:attachment":[{"href":"https:\/\/secretariadomigracioneslaspalmas.org\/index.php\/wp-json\/wp\/v2\/media?parent=223"}],"wp:term":[{"taxonomy":"category","embeddable":true,"href":"https:\/\/secretariadomigracioneslaspalmas.org\/index.php\/wp-json\/wp\/v2\/categories?post=223"},{"taxonomy":"post_tag","embeddable":true,"href":"https:\/\/secretariadomigracioneslaspalmas.org\/index.php\/wp-json\/wp\/v2\/tags?post=223"}],"curies":[{"name":"wp","href":"https:\/\/api.w.org\/{rel}","templated":true}]}}