{"id":140,"date":"2021-04-05T10:27:29","date_gmt":"2021-04-05T10:27:29","guid":{"rendered":"https:\/\/secretariadomigracioneslaspalmas.org\/?p=140"},"modified":"2021-05-03T09:52:48","modified_gmt":"2021-05-03T09:52:48","slug":"diez-anos-mirando-a-otro-lado","status":"publish","type":"post","link":"https:\/\/secretariadomigracioneslaspalmas.org\/index.php\/2021\/04\/05\/diez-anos-mirando-a-otro-lado\/","title":{"rendered":"Migrantes: Diez a\u00f1os mirando a otro lado."},"content":{"rendered":"\n<figure class=\"wp-block-image is-resized is-style-rounded\"><img loading=\"lazy\" decoding=\"async\" src=\"https:\/\/diocesisdecanarias.net\/wp-content\/uploads\/2020\/10\/cies2019-660x330.jpg\" alt=\"CIES espa\u00f1a 2019\" width=\"650\" height=\"325\"\/><\/figure>\n\n\n\n<p><strong>Informe 2019 sobre los Centros de Internamiento de Extranjeros (CIE) en Espa\u00f1a<\/strong>:<\/p>\n\n\n\n<p>\u25cf Tras una d\u00e9cada de visitas en CIE, el SJM denuncia el sufrimiento constante que generan estas instituciones y la mirada hacia otro lado de las Administraciones.<br>\u25cf En 2019 fueron internadas un total de 6.473 personas, un 18% menos que en 2018. El porcentaje de repatriaci\u00f3n desde CIE se mantuvo, en torno al 60%; y uno de cada tres internos solicitaron asilo.<br>\u25cf Los equipos de SJM visitaron el pasado a\u00f1o a 793 personas y detectaron, adem\u00e1s de a 59 posibles menores de edad internados, una larga lista de derechos vulnerados, reiterados durante los diez a\u00f1os de presencia en CIE.<\/p>\n","protected":false},"excerpt":{"rendered":"<p>Informe 2019 sobre los Centros de Internamiento de Extranjeros (CIE) en Espa\u00f1a: \u25cf Tras una d\u00e9cada de visitas en CIE,&hellip; <\/p>\n","protected":false},"author":2,"featured_media":294,"comment_status":"closed","ping_status":"open","sticky":false,"template":"","format":"standard","meta":{"footnotes":""},"categories":[1],"tags":[],"class_list":["post-140","post","type-post","status-publish","format-standard","has-post-thumbnail","hentry","category-categorias"],"_links":{"self":[{"href":"https:\/\/secretariadomigracioneslaspalmas.org\/index.php\/wp-json\/wp\/v2\/posts\/140","targetHints":{"allow":["GET"]}}],"collection":[{"href":"https:\/\/secretariadomigracioneslaspalmas.org\/index.php\/wp-json\/wp\/v2\/posts"}],"about":[{"href":"https:\/\/secretariadomigracioneslaspalmas.org\/index.php\/wp-json\/wp\/v2\/types\/post"}],"author":[{"embeddable":true,"href":"https:\/\/secretariadomigracioneslaspalmas.org\/index.php\/wp-json\/wp\/v2\/users\/2"}],"replies":[{"embeddable":true,"href":"https:\/\/secretariadomigracioneslaspalmas.org\/index.php\/wp-json\/wp\/v2\/comments?post=140"}],"version-history":[{"count":2,"href":"https:\/\/secretariadomigracioneslaspalmas.org\/index.php\/wp-json\/wp\/v2\/posts\/140\/revisions"}],"predecessor-version":[{"id":292,"href":"https:\/\/secretariadomigracioneslaspalmas.org\/index.php\/wp-json\/wp\/v2\/posts\/140\/revisions\/292"}],"wp:featuredmedia":[{"embeddable":true,"href":"https:\/\/secretariadomigracioneslaspalmas.org\/index.php\/wp-json\/wp\/v2\/media\/294"}],"wp:attachment":[{"href":"https:\/\/secretariadomigracioneslaspalmas.org\/index.php\/wp-json\/wp\/v2\/media?parent=140"}],"wp:term":[{"taxonomy":"category","embeddable":true,"href":"https:\/\/secretariadomigracioneslaspalmas.org\/index.php\/wp-json\/wp\/v2\/categories?post=140"},{"taxonomy":"post_tag","embeddable":true,"href":"https:\/\/secretariadomigracioneslaspalmas.org\/index.php\/wp-json\/wp\/v2\/tags?post=140"}],"curies":[{"name":"wp","href":"https:\/\/api.w.org\/{rel}","templated":true}]}}